{"id":5199,"date":"2024-04-24T14:14:26","date_gmt":"2024-04-24T17:14:26","guid":{"rendered":"https:\/\/www.uninter.com\/biblioteca\/?p=5199"},"modified":"2024-04-25T15:49:57","modified_gmt":"2024-04-25T18:49:57","slug":"dia-do-bibliotecario-2024","status":"publish","type":"post","link":"https:\/\/www.uninter.com\/biblioteca\/dia-do-bibliotecario-2024\/","title":{"rendered":"Dia do Bibliotec\u00e1rio 2024"},"content":{"rendered":"<p><strong>DIA DA (O) BIBLIOTEC\u00c1RIA (O)<\/strong><\/p>\n<p>Desde o in\u00edcio, a humanidade se preocupa em registrar todo o conhecimento produzido. Por isso, a figura do bibliotec\u00e1rio \u00e9 t\u00e3o importante para a preserva\u00e7\u00e3o das bibliotecas e espa\u00e7os de informa\u00e7\u00e3o e cultura no tocante a conserva\u00e7\u00e3o dos documentos.<\/p>\n<p>As bibliotecas t\u00eam origem no segundo mil\u00eanio a.C. Nesses ambientes, j\u00e1 constava a organiza\u00e7\u00e3o de documentos, como tamb\u00e9m a sua prote\u00e7\u00e3o, com t\u00e1buas de argilas cobertas.<\/p>\n<p>Com o avan\u00e7o da tecnologia, a profiss\u00e3o do bibliotec\u00e1rio ganhou novos espa\u00e7os. Assim, cada vez mais, os profissionais conquistam importantes cargos na carreira digital, com a gest\u00e3o de bibliotecas digitais, por exemplo.<\/p>\n<p>O Dia do Bibliotec\u00e1rio, foi institu\u00eddo pelo Decreto n\u00ba. 84.631, de 9 de abril de 1980, em seu artigo 5\u00ba, a ser comemorado em todo territ\u00f3rio nacional, a 12 de mar\u00e7o, data de nascimento do bibliotec\u00e1rio, escritor e poeta Manuel Bastos Tigre.<\/p>\n<p><a href=\"https:\/\/www.uninter.com\/biblioteca\/wp-content\/uploads\/2024\/04\/DIA-do-Bibliotecario-2024.pdf\" target=\"_blank\" rel=\"noopener\">DIA do Bibliotec\u00e1rio 2024.pdf<\/a><\/p>\n<p>&nbsp;<\/p>\n","protected":false},"excerpt":{"rendered":"<p>DIA DA (O) BIBLIOTEC\u00c1RIA (O) Desde o in\u00edcio, a humanidade se preocupa em registrar todo o conhecimento produzido. Por isso, a figura do bibliotec\u00e1rio \u00e9 t\u00e3o importante para a preserva\u00e7\u00e3o das bibliotecas e espa\u00e7os de informa\u00e7\u00e3o e cultura no tocante a conserva\u00e7\u00e3o dos documentos. As bibliotecas t\u00eam origem no segundo mil\u00eanio a.C. Nesses ambientes, j\u00e1 [&hellip;]<\/p>\n","protected":false},"author":123461,"featured_media":5220,"comment_status":"closed","ping_status":"open","sticky":false,"template":"","format":"standard","meta":[],"categories":[28],"tags":[],"acf":[],"_links":{"self":[{"href":"https:\/\/www.uninter.com\/biblioteca\/wp-json\/wp\/v2\/posts\/5199"}],"collection":[{"href":"https:\/\/www.uninter.com\/biblioteca\/wp-json\/wp\/v2\/posts"}],"about":[{"href":"https:\/\/www.uninter.com\/biblioteca\/wp-json\/wp\/v2\/types\/post"}],"author":[{"embeddable":true,"href":"https:\/\/www.uninter.com\/biblioteca\/wp-json\/wp\/v2\/users\/123461"}],"replies":[{"embeddable":true,"href":"https:\/\/www.uninter.com\/biblioteca\/wp-json\/wp\/v2\/comments?post=5199"}],"version-history":[{"count":10,"href":"https:\/\/www.uninter.com\/biblioteca\/wp-json\/wp\/v2\/posts\/5199\/revisions"}],"predecessor-version":[{"id":5332,"href":"https:\/\/www.uninter.com\/biblioteca\/wp-json\/wp\/v2\/posts\/5199\/revisions\/5332"}],"wp:featuredmedia":[{"embeddable":true,"href":"https:\/\/www.uninter.com\/biblioteca\/wp-json\/wp\/v2\/media\/5220"}],"wp:attachment":[{"href":"https:\/\/www.uninter.com\/biblioteca\/wp-json\/wp\/v2\/media?parent=5199"}],"wp:term":[{"taxonomy":"category","embeddable":true,"href":"https:\/\/www.uninter.com\/biblioteca\/wp-json\/wp\/v2\/categories?post=5199"},{"taxonomy":"post_tag","embeddable":true,"href":"https:\/\/www.uninter.com\/biblioteca\/wp-json\/wp\/v2\/tags?post=5199"}],"curies":[{"name":"wp","href":"https:\/\/api.w.org\/{rel}","templated":true}]}}