{"id":5078,"date":"2024-04-10T15:18:58","date_gmt":"2024-04-10T18:18:58","guid":{"rendered":"https:\/\/www.uninter.com\/biblioteca\/?p=5078"},"modified":"2024-04-10T16:51:46","modified_gmt":"2024-04-10T19:51:46","slug":"campanha-outubro-rosa-2022-2023","status":"publish","type":"post","link":"https:\/\/www.uninter.com\/biblioteca\/campanha-outubro-rosa-2022-2023\/","title":{"rendered":"Campanha Outubro Rosa \u2013 2022 \/ 2023"},"content":{"rendered":"<p>Outubro Rosa \u00e9 um movimento internacional de conscientiza\u00e7\u00e3o para o controle do c\u00e2ncer de mama, criado no in\u00edcio da d\u00e9cada de 1990 pela\u00a0<a href=\"https:\/\/www.komen.org\/\">Funda\u00e7\u00e3o Susan G. Komen for the Cure<\/a>.<\/p>\n<p>A data, celebrada anualmente, tem o objetivo de compartilhar informa\u00e7\u00f5es e promover a conscientiza\u00e7\u00e3o sobre a doen\u00e7a; proporcionar maior acesso aos servi\u00e7os de diagn\u00f3stico e de tratamento e contribuir para a redu\u00e7\u00e3o da mortalidade.<\/p>\n<p>O Sistema Integrado de Bibliotecas, n\u00e3o podia ficar fora desta Campanha t\u00e3o importante, assim, deu sua contribui\u00e7\u00e3o com um mostru\u00e1rio repletos de folders, panfletos explicativos e a fitinha s\u00edmbolo desta campanha.<\/p>\n","protected":false},"excerpt":{"rendered":"<p>Outubro Rosa \u00e9 um movimento internacional de conscientiza\u00e7\u00e3o para o controle do c\u00e2ncer de mama, criado no in\u00edcio da d\u00e9cada de 1990 pela\u00a0Funda\u00e7\u00e3o Susan G. Komen for the Cure. A data, celebrada anualmente, tem o objetivo de compartilhar informa\u00e7\u00f5es e promover a conscientiza\u00e7\u00e3o sobre a doen\u00e7a; proporcionar maior acesso aos servi\u00e7os de diagn\u00f3stico e de [&hellip;]<\/p>\n","protected":false},"author":123461,"featured_media":5035,"comment_status":"closed","ping_status":"open","sticky":false,"template":"","format":"standard","meta":[],"categories":[30],"tags":[],"acf":[],"_links":{"self":[{"href":"https:\/\/www.uninter.com\/biblioteca\/wp-json\/wp\/v2\/posts\/5078"}],"collection":[{"href":"https:\/\/www.uninter.com\/biblioteca\/wp-json\/wp\/v2\/posts"}],"about":[{"href":"https:\/\/www.uninter.com\/biblioteca\/wp-json\/wp\/v2\/types\/post"}],"author":[{"embeddable":true,"href":"https:\/\/www.uninter.com\/biblioteca\/wp-json\/wp\/v2\/users\/123461"}],"replies":[{"embeddable":true,"href":"https:\/\/www.uninter.com\/biblioteca\/wp-json\/wp\/v2\/comments?post=5078"}],"version-history":[{"count":5,"href":"https:\/\/www.uninter.com\/biblioteca\/wp-json\/wp\/v2\/posts\/5078\/revisions"}],"predecessor-version":[{"id":5190,"href":"https:\/\/www.uninter.com\/biblioteca\/wp-json\/wp\/v2\/posts\/5078\/revisions\/5190"}],"wp:featuredmedia":[{"embeddable":true,"href":"https:\/\/www.uninter.com\/biblioteca\/wp-json\/wp\/v2\/media\/5035"}],"wp:attachment":[{"href":"https:\/\/www.uninter.com\/biblioteca\/wp-json\/wp\/v2\/media?parent=5078"}],"wp:term":[{"taxonomy":"category","embeddable":true,"href":"https:\/\/www.uninter.com\/biblioteca\/wp-json\/wp\/v2\/categories?post=5078"},{"taxonomy":"post_tag","embeddable":true,"href":"https:\/\/www.uninter.com\/biblioteca\/wp-json\/wp\/v2\/tags?post=5078"}],"curies":[{"name":"wp","href":"https:\/\/api.w.org\/{rel}","templated":true}]}}