{"id":2127,"date":"2019-10-22T08:06:18","date_gmt":"2019-10-22T11:06:18","guid":{"rendered":"https:\/\/www.uninter.com\/biblioteca\/?p=2127"},"modified":"2019-10-23T12:58:51","modified_gmt":"2019-10-23T15:58:51","slug":"repositorio-institucional-uninter","status":"publish","type":"post","link":"https:\/\/www.uninter.com\/biblioteca\/repositorio-institucional-uninter\/","title":{"rendered":"Reposit\u00f3rio Institucional Uninter"},"content":{"rendered":"<p>Para comemorar duas d\u00e9cadas de Uninter o departamento de Assess\u00f3ria de Projetos Especiais em conjunto com o Sistema de Bibliotecas Uninter prop\u00f5em a forma\u00e7\u00e3o de um novo servi\u00e7o que ser\u00e1 oferecido pela biblioteca. O trabalho comp\u00f5e-se na realiza\u00e7\u00e3o da digitaliza\u00e7\u00e3o das fotos hist\u00f3ricas da Uninter e a convers\u00e3o destas para suporte digital. Fitas VHS, K7 e disquetes que cont\u00e9m informa\u00e7\u00f5es hist\u00f3ricas relevantes para a institui\u00e7\u00e3o tamb\u00e9m ser\u00e3o convertidas para o suporte digital.<\/p>\n<p>O projeto abarca ainda os documentos hist\u00f3ricos da institui\u00e7\u00e3o que ser\u00e3o digitalizados e disponibilizados no Reposit\u00f3rio Institucional da Uninter, assim como, todos os outros materiais j\u00e1 citados.<\/p>\n<p>A primeira fase deste trabalho j\u00e1 foi conclu\u00edda, foram digitalizados 3777 fotografias que est\u00e3o acess\u00edveis no site <a href=\"http:\/\/datapolis.com.br\/fotos\/\">http:\/\/datapolis.com.br\/fotos\/<\/a>. A proposta do site \u00e9 criar um canal de colabora\u00e7\u00e3o com os funcion\u00e1rios da Uninter, para que seja poss\u00edvel indexar essas fotos que fazem parte da hist\u00f3ria da institui\u00e7\u00e3o.<\/p>\n<p>As fotos est\u00e3o organizadas por \u00e1lbuns, o t\u00edtulo de cada \u00e1lbum \u00e9 a data em que ocorreu a digitaliza\u00e7\u00e3o, at\u00e9 a data de 28\/08\/2019 o site possui 7 \u00e1lbuns, sendo que, o \u00e1lbum intitulado Fotos Digitais cont\u00e9m imagens que j\u00e1 estavam no formato digital e tamb\u00e9m fazem parte do acervo hist\u00f3rico da Uninter. O projeto n\u00e3o contempla apenas a convers\u00e3o do meio anal\u00f3gico para o digital destes documentos, recuperar as informa\u00e7\u00f5es que est\u00e3o contidas nesses documentos \u00e9 um dos objetivos deste trabalho, para isso, \u00e9 poss\u00edvel visualizar as fotos e inserir coment\u00e1rios.<\/p>\n<p>O pr\u00f3ximo passo depois que as fotografias estejam devidamente indexadas \u00e9 a disponibiliza\u00e7\u00e3o dessas fotografias no Reposit\u00f3rio Institucional da Uninter (<a href=\"https:\/\/repositorio.uninter.com\/\">https:\/\/repositorio.uninter.com\/<\/a>). O Reposit\u00f3rio serve para a dissemina\u00e7\u00e3o e preserva\u00e7\u00e3o da produ\u00e7\u00e3o cient\u00edfica da institui\u00e7\u00e3o, as Disserta\u00e7\u00f5es do mestrado da Uninter, assim com os TCCs da gradua\u00e7\u00e3o e P\u00f3s-gradua\u00e7\u00e3o est\u00e3o dispon\u00edveis no Reposit\u00f3rio.<\/p>\n<p>Reposit\u00f3rio Institucional UNINTER &#8211; <a href=\"https:\/\/repositorio.uninter.com\/\">https:\/\/repositorio.uninter.com\/<\/a><\/p>\n<p>Fotos hist\u00f3ricas da UNINTER &#8211;\u00a0<a href=\"http:\/\/datapolis.com.br\/fotos\/\">http:\/\/datapolis.com.br\/fotos\/<\/a><\/p>\n<div style=\"width: 720px;\" class=\"wp-video\"><!--[if lt IE 9]><script>document.createElement('video');<\/script><![endif]-->\n<video class=\"wp-video-shortcode\" id=\"video-2127-1\" width=\"720\" height=\"405\" preload=\"metadata\" controls=\"controls\"><source type=\"video\/mp4\" src=\"https:\/\/www.uninter.com\/biblioteca\/wp-content\/uploads\/2019\/10\/ajude_a_escrever_a_historia_da_uninter_px2zF6v0rD8_1080p.mp4?_=1\" \/><a href=\"https:\/\/www.uninter.com\/biblioteca\/wp-content\/uploads\/2019\/10\/ajude_a_escrever_a_historia_da_uninter_px2zF6v0rD8_1080p.mp4\">https:\/\/www.uninter.com\/biblioteca\/wp-content\/uploads\/2019\/10\/ajude_a_escrever_a_historia_da_uninter_px2zF6v0rD8_1080p.mp4<\/a><\/video><\/div>\n<p>&nbsp;<\/p>\n","protected":false},"excerpt":{"rendered":"<p>Para comemorar duas d\u00e9cadas de Uninter o departamento de Assess\u00f3ria de Projetos Especiais em conjunto com o Sistema de Bibliotecas Uninter prop\u00f5em a forma\u00e7\u00e3o de um novo servi\u00e7o que ser\u00e1 oferecido pela biblioteca. O trabalho comp\u00f5e-se na realiza\u00e7\u00e3o da digitaliza\u00e7\u00e3o das fotos hist\u00f3ricas da Uninter e a convers\u00e3o destas para suporte digital. Fitas VHS, K7 [&hellip;]<\/p>\n","protected":false},"author":7,"featured_media":0,"comment_status":"closed","ping_status":"open","sticky":false,"template":"","format":"standard","meta":[],"categories":[1],"tags":[],"acf":[],"_links":{"self":[{"href":"https:\/\/www.uninter.com\/biblioteca\/wp-json\/wp\/v2\/posts\/2127"}],"collection":[{"href":"https:\/\/www.uninter.com\/biblioteca\/wp-json\/wp\/v2\/posts"}],"about":[{"href":"https:\/\/www.uninter.com\/biblioteca\/wp-json\/wp\/v2\/types\/post"}],"author":[{"embeddable":true,"href":"https:\/\/www.uninter.com\/biblioteca\/wp-json\/wp\/v2\/users\/7"}],"replies":[{"embeddable":true,"href":"https:\/\/www.uninter.com\/biblioteca\/wp-json\/wp\/v2\/comments?post=2127"}],"version-history":[{"count":4,"href":"https:\/\/www.uninter.com\/biblioteca\/wp-json\/wp\/v2\/posts\/2127\/revisions"}],"predecessor-version":[{"id":2143,"href":"https:\/\/www.uninter.com\/biblioteca\/wp-json\/wp\/v2\/posts\/2127\/revisions\/2143"}],"wp:attachment":[{"href":"https:\/\/www.uninter.com\/biblioteca\/wp-json\/wp\/v2\/media?parent=2127"}],"wp:term":[{"taxonomy":"category","embeddable":true,"href":"https:\/\/www.uninter.com\/biblioteca\/wp-json\/wp\/v2\/categories?post=2127"},{"taxonomy":"post_tag","embeddable":true,"href":"https:\/\/www.uninter.com\/biblioteca\/wp-json\/wp\/v2\/tags?post=2127"}],"curies":[{"name":"wp","href":"https:\/\/api.w.org\/{rel}","templated":true}]}}